{"id":970,"date":"2018-12-02T10:00:43","date_gmt":"2018-12-02T09:00:43","guid":{"rendered":"http:\/\/www.airoller.fr\/wordpress\/?p=970"},"modified":"2018-12-02T10:11:45","modified_gmt":"2018-12-02T09:11:45","slug":"rando-dimanche-2-decembre","status":"publish","type":"post","link":"https:\/\/www.airoller.fr\/wordpress\/2018\/12\/02\/rando-dimanche-2-decembre\/","title":{"rendered":"Rando &#8211; dimanche 2 d\u00e9cembre"},"content":{"rendered":"<p><img loading=\"lazy\" decoding=\"async\" class=\"aligncenter size-large wp-image-733\" src=\"https:\/\/www.airoller.fr\/wordpress\/wp-content\/uploads\/2018\/03\/bandeau_JSA-629x331.jpg\" alt=\"\" width=\"629\" height=\"331\" srcset=\"https:\/\/www.airoller.fr\/wordpress\/wp-content\/uploads\/2018\/03\/bandeau_JSA-629x331.jpg 629w, https:\/\/www.airoller.fr\/wordpress\/wp-content\/uploads\/2018\/03\/bandeau_JSA-300x158.jpg 300w, https:\/\/www.airoller.fr\/wordpress\/wp-content\/uploads\/2018\/03\/bandeau_JSA-768x404.jpg 768w, https:\/\/www.airoller.fr\/wordpress\/wp-content\/uploads\/2018\/03\/bandeau_JSA.jpg 851w\" sizes=\"auto, (max-width: 629px) 100vw, 629px\" \/><\/p>\n<p><strong><span style=\"color: #ff0000;\">La pluie est de la partie&#8230; Comme personne n&rsquo;aime mouiller ses roues, la rando est annul\u00e9e. Rendez vous en janvier pour nos prochains rendez vous rando<br \/>\n<\/span><\/strong><\/p>\n<p>Le premier dimanche du mois, c&rsquo;est la Rando des Familles ! RdV<b> dimanche 2 d\u00e9cembre, <\/b>devant la Mairie de Bordeaux (<a href=\"https:\/\/umap.openstreetmap.fr\/fr\/map\/spots_162398#15\/44.8363\/-0.5744\" target=\"_blank\" rel=\"noopener\">place Pey Berland<\/a>)<b> \u00e0 14h15.<\/b><\/p>\n<p><!--more--><\/p>\n<h3><b>Petits <span style=\"font-family: arial, helvetica, sans-serif;\">&amp;<\/span> grands : \u00e0 chacun sa balade !<\/b><\/h3>\n<p><u>La 1\u00e8re boucle<\/u> de la traditionnelle randonn\u00e9e dominicale, est une balade de 5 km\u00a0 destin\u00e9e aux plus jeunes et \u00e0 leurs parents.<\/p>\n<p>La <u>2nde boucle<\/u> de 15 km est destin\u00e9e aux plus grands. Elle vous m\u00e8ne chaque mois sur un parcours diff\u00e9rent \u00e0 travers l&rsquo;agglom\u00e9ration.<\/p>\n<p><b>Les enfants doivent savoir patiner et \u00eatre autonomes sur des patins. La pr\u00e9sence d&rsquo;un adulte tout au long du parcours est requise. <\/b><br \/>\nVous ne savez pas patiner ? Venez en v\u00e9lo !<\/p>\n<p><b>Le port des protections pour les enfants (dont casques) est obligatoire, <\/b>recommand\u00e9 pour les adultes.<\/p>\n<h3>Besoin d&rsquo;un conseil ?<\/h3>\n<p>Contactez-nous au 06 16 34 94 30 ou \u00e0 <a href=\"mailto:contact@airoller.fr\">contact@airoller.fr<\/a><\/p>\n<h3>Le parcours<\/h3>\n<p>Pour des raisons de s\u00e9curit\u00e9, le parcours n&rsquo;est publi\u00e9 que la veille de la randonn\u00e9e.<\/p>\n<p><i>Randonn\u00e9e encadr\u00e9e et gratuite, ouverte \u00e0 tous sans inscription pr\u00e9alable. Le port des protections est conseill\u00e9 pour les adultes, obligatoire pour les enfants. Pensez \u00e0 pr\u00e9voir de l&rsquo;eau. Nos amis cyclistes sont admis \u00e0 suivre la balade derri\u00e8re le cort\u00e8ge de patineurs.<\/i><\/p>\n<p><i><a href=\"https:\/\/www.airoller.fr\/wordpress\/reglement-interieur\/#rgtrando\">Consultez le r\u00e8glement int\u00e9rieur des randonn\u00e9es<\/a><\/i><\/p>\n","protected":false},"excerpt":{"rendered":"<p>La pluie est de la partie&#8230; Comme personne n&rsquo;aime mouiller ses roues, la rando est annul\u00e9e. Rendez vous en janvier pour nos prochains rendez vous rando Le premier dimanche du mois, c&rsquo;est la Rando des Familles ! RdV dimanche 2 d\u00e9cembre, devant la Mairie de Bordeaux (place Pey Berland) \u00e0 14h15.<\/p>\n","protected":false},"author":3,"featured_media":733,"comment_status":"closed","ping_status":"closed","sticky":false,"template":"","format":"standard","meta":{"_acf_changed":false,"footnotes":""},"categories":[5,12],"tags":[],"class_list":["post-970","post","type-post","status-publish","format-standard","has-post-thumbnail","hentry","category-evenements","category-randos"],"acf":[],"_links":{"self":[{"href":"https:\/\/www.airoller.fr\/wordpress\/wp-json\/wp\/v2\/posts\/970","targetHints":{"allow":["GET"]}}],"collection":[{"href":"https:\/\/www.airoller.fr\/wordpress\/wp-json\/wp\/v2\/posts"}],"about":[{"href":"https:\/\/www.airoller.fr\/wordpress\/wp-json\/wp\/v2\/types\/post"}],"author":[{"embeddable":true,"href":"https:\/\/www.airoller.fr\/wordpress\/wp-json\/wp\/v2\/users\/3"}],"replies":[{"embeddable":true,"href":"https:\/\/www.airoller.fr\/wordpress\/wp-json\/wp\/v2\/comments?post=970"}],"version-history":[{"count":4,"href":"https:\/\/www.airoller.fr\/wordpress\/wp-json\/wp\/v2\/posts\/970\/revisions"}],"predecessor-version":[{"id":1060,"href":"https:\/\/www.airoller.fr\/wordpress\/wp-json\/wp\/v2\/posts\/970\/revisions\/1060"}],"wp:featuredmedia":[{"embeddable":true,"href":"https:\/\/www.airoller.fr\/wordpress\/wp-json\/wp\/v2\/media\/733"}],"wp:attachment":[{"href":"https:\/\/www.airoller.fr\/wordpress\/wp-json\/wp\/v2\/media?parent=970"}],"wp:term":[{"taxonomy":"category","embeddable":true,"href":"https:\/\/www.airoller.fr\/wordpress\/wp-json\/wp\/v2\/categories?post=970"},{"taxonomy":"post_tag","embeddable":true,"href":"https:\/\/www.airoller.fr\/wordpress\/wp-json\/wp\/v2\/tags?post=970"}],"curies":[{"name":"wp","href":"https:\/\/api.w.org\/{rel}","templated":true}]}}